{"id":246,"date":"2024-06-24T21:02:10","date_gmt":"2024-06-24T19:02:10","guid":{"rendered":"https:\/\/www.joelheslaut2024.org\/?p=246"},"modified":"2024-06-27T18:13:26","modified_gmt":"2024-06-27T16:13:26","slug":"ukraine-gaza-la-paix-maintenant","status":"publish","type":"post","link":"https:\/\/www.joelheslaut2024.org\/index.php\/2024\/06\/24\/ukraine-gaza-la-paix-maintenant\/","title":{"rendered":"Ukraine, Gaza, la Paix Maintenant !"},"content":{"rendered":"\n<p>Une \u00e9lectrice m\u2019a justement fait remarquer que, jusqu&rsquo;\u00e0 pr\u00e9sent, je n&rsquo;avais pas pris position sur la guerre en Ukraine.&nbsp;<\/p>\n\n\n\n<p>J\u2019ai affirm\u00e9 dans ma profession de foi que j\u2019entendais \u00eatre \u00e0 l\u2019\u00e9coute des \u00e9lecteurs de cette circonscription, je ne me d\u00e9roberai donc pas.<\/p>\n\n\n\n<p>La guerre en Ukraine me touche au plus pr\u00e8s depuis deux ans, car j&rsquo;h\u00e9berge chez moi des r\u00e9fugi\u00e9es ukrainiennes et je peux entendre leur d\u00e9sespoir. D\u00e9sespoir d\u2019autant plus grand pour de jeunes femmes ukrainiennes, mais russophones ayant fui leur pays sous la menace de troupes d\u2019invasion pr\u00e9tendant vouloir les prot\u00e9ger.<\/p>\n\n\n\n<p>La guerre \u00e0 Gaza me touche aussi au plus pr\u00e8s. Laurent Seror mon suppl\u00e9ant a beaucoup de membres de sa famille en Isra\u00ebl, je les connais et je les aime comme si c\u2019\u00e9tait ma propre famille et j\u2019entends leur d\u00e9sespoir.<\/p>\n\n\n\n<p>Je suis, moi aussi, d\u00e9sesp\u00e9r\u00e9 par ces situations politiques d&rsquo;une extr\u00eame complexit\u00e9.<\/p>\n\n\n\n<p>Mes valeurs humaines m&rsquo;appellent \u00e0 vouloir avant tout la paix, les guerres ne menant jamais qu&rsquo;\u00e0 des impasses.<\/p>\n\n\n\n<p>Mon engagement politique se base sur la d\u00e9fense, en toutes circonstances, de la d\u00e9mocratie et des libert\u00e9s publiques. Le moins que l&rsquo;on puisse dire, c\u2019est que le r\u00e9gime actuel de la Russie ne correspond pas \u00e0 ces crit\u00e8res et le combattre est un devoir.&nbsp;<\/p>\n\n\n\n<p>Le Hamas est encore plus \u00e9loign\u00e9 de ces valeurs, et malheureusement le pouvoir actuel de Benjamin Netanyahu suit une pente qui renie peu \u00e0 peu ces valeurs, m\u00e9prisant au plus haut point celles immenses&nbsp; que portaient les fondateurs d\u2019Isra\u00ebl.<\/p>\n\n\n\n<p>Ces deux conflits sont tributaires de circonstances qui d\u00e9passent le cadre local et se nourrissent d\u2019antagonismes profonds entre les valeurs que nos soci\u00e9t\u00e9s occidentales tentent de porter depuis la fin de la Seconde Guerre mondiale et des valeurs port\u00e9es par des r\u00e9gimes autoritaires.&nbsp;<\/p>\n\n\n\n<p>Nous portons peut-\u00eatre des valeurs, mais nos comportements ne sont pas en ad\u00e9quation pour qu\u2019elles soient pour tous un exemple. Nous ne&nbsp; pouvons pas vouloir exporter la d\u00e9mocratie et ne pas \u00eatre intransigeants sur son respect, nous ne pouvons pas r\u00e9clamer la justice et soutenir des dictateurs pour le bien de nos multinationales. Choisir entre valeurs et int\u00e9r\u00eats est le propre de ceux qui nous gouvernent. S\u2019ils clament choisir les valeurs, il faut arr\u00eater de donner des le\u00e7ons au monde sans balayer \u00e0 notre porte. S\u2019ils choisissent cyniquement des int\u00e9r\u00eats contraires aux valeurs, il vaut mieux alors se r\u00e9clamer d\u2019autres valeurs et l\u2019avouer.<\/p>\n\n\n\n<p>Les relations internationales ne s&rsquo;appuient malheureusement pas sur des valeurs morales, mais sur des consid\u00e9rations de realpolitik. Louis XIV avait fait graver sur ses canons \u00ab\u00a0Ultima ratio regum\u00a0\u00bb.<\/p>\n\n\n\n<p>L\u2019engagement de nos d\u00e9mocraties europ\u00e9ennes derri\u00e8re l\u2019Ukraine doit \u00eatre sans faille afin que le r\u00e9gime de Poutine ne puisse atteindre ses buts. L&rsquo;engagement de nos d\u00e9mocraties europ\u00e9ennes derri\u00e8re les Isra\u00e9liens doit aussi \u00eatre sans failles afin que le terrorisme aveugle ne puisse atteindre ses objectifs.<\/p>\n\n\n\n<p>Je crois n\u00e9anmoins qu\u2019il est temps de mettre un terme aux souffrances des peuples, ukrainiens comme Russes, isra\u00e9liens comme Palestiniens. Avec toutes les parties prenantes, il faudra rechercher pour chacun de ces conflits une paix durable et \u00e9quilibr\u00e9e.&nbsp;<\/p>\n\n\n\n<p>Ces objectifs restent toutefois tributaires de deux \u00e9v\u00e9nements politiques, l\u2019\u00e9lection am\u00e9ricaine et le maintien au pouvoir du Premier ministre isra\u00e9lien. J\u2019esp\u00e8re de tout c\u0153ur que ces \u00e9v\u00e9nements ne seront pas un obstacle \u00e0 la recherche de cette paix.<\/p>\n\n\n\n<p>Je ne suis pas omniscient, je parle avec mon c\u0153ur sur ces sujets, mais je ne pr\u00e9tends pas d\u00e9tenir de v\u00e9rit\u00e9 sur des questions qui d\u00e9passent mes comp\u00e9tences. Tout ce que je sais est que la guerre est d\u00e9cid\u00e9e par ceux qui n\u2019en subissent pas les cons\u00e9quences dans leur chair et qu\u2019elle est maintenue par ceux qui y ont int\u00e9r\u00eat pour eux m\u00eame, peu importe les cons\u00e9quences sur leur peuple et sur celui d&rsquo;en face. Mon p\u00e8re a pass\u00e9 les cinq plus belles ann\u00e9es de sa jeunesse dans un Stalag gard\u00e9 par des soldats qui avaient tout sacrifi\u00e9 pour un homme qui les a entra\u00een\u00e9s dans l\u2019apocalypse. Ces jeunes hommes auraient pu partager plein de belles choses sans l\u2019app\u00e9tit personnel de ceux qui les ont plong\u00e9s dans cette guerre.<\/p>\n\n\n\n<p>Jo\u00ebl Heslaut<\/p>\n","protected":false},"excerpt":{"rendered":"<p>Une \u00e9lectrice m\u2019a justement fait remarquer que, jusqu&rsquo;\u00e0 pr\u00e9sent, je n&rsquo;avais pas pris position sur la guerre en Ukraine.&nbsp; J\u2019ai affirm\u00e9 dans ma profession de foi que j\u2019entendais \u00eatre \u00e0 l\u2019\u00e9coute des \u00e9lecteurs de cette circonscription, je ne me d\u00e9roberai donc pas. La guerre en Ukraine me touche au plus pr\u00e8s depuis deux ans, car [&hellip;]<\/p>\n","protected":false},"author":1,"featured_media":0,"comment_status":"open","ping_status":"open","sticky":false,"template":"","format":"standard","meta":{"footnotes":""},"categories":[1],"tags":[],"class_list":["post-246","post","type-post","status-publish","format-standard","hentry","category-non-classe"],"yoast_head":"<!-- This site is optimized with the Yoast SEO Premium plugin v23.0 (Yoast SEO v23.0) - https:\/\/yoast.com\/wordpress\/plugins\/seo\/ -->\n<title>Jo\u00ebl Heslaut : Ma position sur la guerre en Ukraine et \u00e0 Gaza - Jo\u00ebl Heslaut<\/title>\n<meta name=\"description\" content=\"Mon engagement contre la guerre en Ukraine et \u00e0 Gaza. Je suis \u00e0 l&#039;\u00e9coute des \u00e9lecteurs et t\u00e9moigne du d\u00e9sespoir des r\u00e9fugi\u00e9es ukrainiennes.\" \/>\n<meta name=\"robots\" content=\"index, follow, max-snippet:-1, max-image-preview:large, max-video-preview:-1\" \/>\n<link rel=\"canonical\" href=\"https:\/\/www.joelheslaut2024.org\/index.php\/2024\/06\/24\/ukraine-gaza-la-paix-maintenant\/\" \/>\n<meta property=\"og:locale\" content=\"fr_FR\" \/>\n<meta property=\"og:type\" content=\"article\" \/>\n<meta property=\"og:title\" content=\"Jo\u00ebl Heslaut: Ma position sur la guerre en Ukraine\" \/>\n<meta property=\"og:description\" content=\"D\u00e9couvrez ma position sur la guerre en Ukraine et \u00e0 Gaza. Je partage les d\u00e9sespoirs des r\u00e9fugi\u00e9es ukrainiennes chez moi.\" \/>\n<meta property=\"og:url\" content=\"https:\/\/www.joelheslaut2024.org\/index.php\/2024\/06\/24\/ukraine-gaza-la-paix-maintenant\/\" \/>\n<meta property=\"og:site_name\" content=\"Jo\u00ebl Heslaut\" \/>\n<meta property=\"article:published_time\" content=\"2024-06-24T19:02:10+00:00\" \/>\n<meta property=\"article:modified_time\" content=\"2024-06-27T16:13:26+00:00\" \/>\n<meta name=\"author\" content=\"Jo\u00ebl Heslaut\" \/>\n<meta name=\"twitter:card\" content=\"summary_large_image\" \/>\n<meta name=\"twitter:title\" content=\"Ukraine, Gaza, la Paix Maintenant !\" \/>\n<meta name=\"twitter:label1\" content=\"\u00c9crit par\" \/>\n\t<meta name=\"twitter:data1\" content=\"Jo\u00ebl Heslaut\" \/>\n\t<meta name=\"twitter:label2\" content=\"Dur\u00e9e de lecture estim\u00e9e\" \/>\n\t<meta name=\"twitter:data2\" content=\"4 minutes\" \/>\n<script type=\"application\/ld+json\" class=\"yoast-schema-graph\">{\"@context\":\"https:\/\/schema.org\",\"@graph\":[{\"@type\":\"Article\",\"@id\":\"https:\/\/www.joelheslaut2024.org\/index.php\/2024\/06\/24\/ukraine-gaza-la-paix-maintenant\/#article\",\"isPartOf\":{\"@id\":\"https:\/\/www.joelheslaut2024.org\/index.php\/2024\/06\/24\/ukraine-gaza-la-paix-maintenant\/\"},\"author\":{\"name\":\"Jo\u00ebl Heslaut\",\"@id\":\"https:\/\/www.joelheslaut2024.org\/#\/schema\/person\/20138c933ea21bea05c37eadbb9489ba\"},\"headline\":\"Ukraine, Gaza, la Paix Maintenant !\",\"datePublished\":\"2024-06-24T19:02:10+00:00\",\"dateModified\":\"2024-06-27T16:13:26+00:00\",\"mainEntityOfPage\":{\"@id\":\"https:\/\/www.joelheslaut2024.org\/index.php\/2024\/06\/24\/ukraine-gaza-la-paix-maintenant\/\"},\"wordCount\":778,\"commentCount\":0,\"publisher\":{\"@id\":\"https:\/\/www.joelheslaut2024.org\/#\/schema\/person\/20138c933ea21bea05c37eadbb9489ba\"},\"inLanguage\":\"fr-FR\",\"potentialAction\":[{\"@type\":\"CommentAction\",\"name\":\"Comment\",\"target\":[\"https:\/\/www.joelheslaut2024.org\/index.php\/2024\/06\/24\/ukraine-gaza-la-paix-maintenant\/#respond\"]}]},{\"@type\":\"WebPage\",\"@id\":\"https:\/\/www.joelheslaut2024.org\/index.php\/2024\/06\/24\/ukraine-gaza-la-paix-maintenant\/\",\"url\":\"https:\/\/www.joelheslaut2024.org\/index.php\/2024\/06\/24\/ukraine-gaza-la-paix-maintenant\/\",\"name\":\"Jo\u00ebl Heslaut : Ma position sur la guerre en Ukraine et \u00e0 Gaza - Jo\u00ebl Heslaut\",\"isPartOf\":{\"@id\":\"https:\/\/www.joelheslaut2024.org\/#website\"},\"datePublished\":\"2024-06-24T19:02:10+00:00\",\"dateModified\":\"2024-06-27T16:13:26+00:00\",\"description\":\"Mon engagement contre la guerre en Ukraine et \u00e0 Gaza. Je suis \u00e0 l'\u00e9coute des \u00e9lecteurs et t\u00e9moigne du d\u00e9sespoir des r\u00e9fugi\u00e9es ukrainiennes.\",\"breadcrumb\":{\"@id\":\"https:\/\/www.joelheslaut2024.org\/index.php\/2024\/06\/24\/ukraine-gaza-la-paix-maintenant\/#breadcrumb\"},\"inLanguage\":\"fr-FR\",\"potentialAction\":[{\"@type\":\"ReadAction\",\"target\":[\"https:\/\/www.joelheslaut2024.org\/index.php\/2024\/06\/24\/ukraine-gaza-la-paix-maintenant\/\"]}]},{\"@type\":\"BreadcrumbList\",\"@id\":\"https:\/\/www.joelheslaut2024.org\/index.php\/2024\/06\/24\/ukraine-gaza-la-paix-maintenant\/#breadcrumb\",\"itemListElement\":[{\"@type\":\"ListItem\",\"position\":1,\"name\":\"Accueil\",\"item\":\"https:\/\/www.joelheslaut2024.org\/\"},{\"@type\":\"ListItem\",\"position\":2,\"name\":\"Ukraine, Gaza, la Paix Maintenant !\"}]},{\"@type\":\"WebSite\",\"@id\":\"https:\/\/www.joelheslaut2024.org\/#website\",\"url\":\"https:\/\/www.joelheslaut2024.org\/\",\"name\":\"Jo\u00ebl Heslaut\",\"description\":\"Candidat aux L\u00e9gislatives de 2024\",\"publisher\":{\"@id\":\"https:\/\/www.joelheslaut2024.org\/#\/schema\/person\/20138c933ea21bea05c37eadbb9489ba\"},\"alternateName\":\"S\u2019ENGAGER LIBREMENT POUR LE BIEN COMMUN\",\"potentialAction\":[{\"@type\":\"SearchAction\",\"target\":{\"@type\":\"EntryPoint\",\"urlTemplate\":\"https:\/\/www.joelheslaut2024.org\/?s={search_term_string}\"},\"query-input\":\"required name=search_term_string\"}],\"inLanguage\":\"fr-FR\"},{\"@type\":[\"Person\",\"Organization\"],\"@id\":\"https:\/\/www.joelheslaut2024.org\/#\/schema\/person\/20138c933ea21bea05c37eadbb9489ba\",\"name\":\"Jo\u00ebl Heslaut\",\"image\":{\"@type\":\"ImageObject\",\"inLanguage\":\"fr-FR\",\"@id\":\"https:\/\/www.joelheslaut2024.org\/#\/schema\/person\/image\/\",\"url\":\"https:\/\/www.joelheslaut2024.org\/wp-content\/uploads\/2024\/06\/Joel_040-e1718880156447-edited-2.jpg\",\"contentUrl\":\"https:\/\/www.joelheslaut2024.org\/wp-content\/uploads\/2024\/06\/Joel_040-e1718880156447-edited-2.jpg\",\"width\":924,\"height\":693,\"caption\":\"Jo\u00ebl Heslaut\"},\"logo\":{\"@id\":\"https:\/\/www.joelheslaut2024.org\/#\/schema\/person\/image\/\"},\"sameAs\":[\"http:\/\/ddepifa.cluster100.hosting.ovh.net\",\"https:\/\/www.linkedin.com\/in\/jo\u00ebl-heslaut-b5b585\/\"],\"honorificPrefix\":\"M\",\"gender\":\"homme\",\"url\":\"https:\/\/www.joelheslaut2024.org\/index.php\/author\/administrateur\/\"}]}<\/script>\n<!-- \/ Yoast SEO Premium plugin. -->","yoast_head_json":{"title":"Jo\u00ebl Heslaut : Ma position sur la guerre en Ukraine et \u00e0 Gaza - Jo\u00ebl Heslaut","description":"Mon engagement contre la guerre en Ukraine et \u00e0 Gaza. Je suis \u00e0 l'\u00e9coute des \u00e9lecteurs et t\u00e9moigne du d\u00e9sespoir des r\u00e9fugi\u00e9es ukrainiennes.","robots":{"index":"index","follow":"follow","max-snippet":"max-snippet:-1","max-image-preview":"max-image-preview:large","max-video-preview":"max-video-preview:-1"},"canonical":"https:\/\/www.joelheslaut2024.org\/index.php\/2024\/06\/24\/ukraine-gaza-la-paix-maintenant\/","og_locale":"fr_FR","og_type":"article","og_title":"Jo\u00ebl Heslaut: Ma position sur la guerre en Ukraine","og_description":"D\u00e9couvrez ma position sur la guerre en Ukraine et \u00e0 Gaza. Je partage les d\u00e9sespoirs des r\u00e9fugi\u00e9es ukrainiennes chez moi.","og_url":"https:\/\/www.joelheslaut2024.org\/index.php\/2024\/06\/24\/ukraine-gaza-la-paix-maintenant\/","og_site_name":"Jo\u00ebl Heslaut","article_published_time":"2024-06-24T19:02:10+00:00","article_modified_time":"2024-06-27T16:13:26+00:00","author":"Jo\u00ebl Heslaut","twitter_card":"summary_large_image","twitter_title":"Ukraine, Gaza, la Paix Maintenant !","twitter_misc":{"\u00c9crit par":"Jo\u00ebl Heslaut","Dur\u00e9e de lecture estim\u00e9e":"4 minutes"},"schema":{"@context":"https:\/\/schema.org","@graph":[{"@type":"Article","@id":"https:\/\/www.joelheslaut2024.org\/index.php\/2024\/06\/24\/ukraine-gaza-la-paix-maintenant\/#article","isPartOf":{"@id":"https:\/\/www.joelheslaut2024.org\/index.php\/2024\/06\/24\/ukraine-gaza-la-paix-maintenant\/"},"author":{"name":"Jo\u00ebl Heslaut","@id":"https:\/\/www.joelheslaut2024.org\/#\/schema\/person\/20138c933ea21bea05c37eadbb9489ba"},"headline":"Ukraine, Gaza, la Paix Maintenant !","datePublished":"2024-06-24T19:02:10+00:00","dateModified":"2024-06-27T16:13:26+00:00","mainEntityOfPage":{"@id":"https:\/\/www.joelheslaut2024.org\/index.php\/2024\/06\/24\/ukraine-gaza-la-paix-maintenant\/"},"wordCount":778,"commentCount":0,"publisher":{"@id":"https:\/\/www.joelheslaut2024.org\/#\/schema\/person\/20138c933ea21bea05c37eadbb9489ba"},"inLanguage":"fr-FR","potentialAction":[{"@type":"CommentAction","name":"Comment","target":["https:\/\/www.joelheslaut2024.org\/index.php\/2024\/06\/24\/ukraine-gaza-la-paix-maintenant\/#respond"]}]},{"@type":"WebPage","@id":"https:\/\/www.joelheslaut2024.org\/index.php\/2024\/06\/24\/ukraine-gaza-la-paix-maintenant\/","url":"https:\/\/www.joelheslaut2024.org\/index.php\/2024\/06\/24\/ukraine-gaza-la-paix-maintenant\/","name":"Jo\u00ebl Heslaut : Ma position sur la guerre en Ukraine et \u00e0 Gaza - Jo\u00ebl Heslaut","isPartOf":{"@id":"https:\/\/www.joelheslaut2024.org\/#website"},"datePublished":"2024-06-24T19:02:10+00:00","dateModified":"2024-06-27T16:13:26+00:00","description":"Mon engagement contre la guerre en Ukraine et \u00e0 Gaza. Je suis \u00e0 l'\u00e9coute des \u00e9lecteurs et t\u00e9moigne du d\u00e9sespoir des r\u00e9fugi\u00e9es ukrainiennes.","breadcrumb":{"@id":"https:\/\/www.joelheslaut2024.org\/index.php\/2024\/06\/24\/ukraine-gaza-la-paix-maintenant\/#breadcrumb"},"inLanguage":"fr-FR","potentialAction":[{"@type":"ReadAction","target":["https:\/\/www.joelheslaut2024.org\/index.php\/2024\/06\/24\/ukraine-gaza-la-paix-maintenant\/"]}]},{"@type":"BreadcrumbList","@id":"https:\/\/www.joelheslaut2024.org\/index.php\/2024\/06\/24\/ukraine-gaza-la-paix-maintenant\/#breadcrumb","itemListElement":[{"@type":"ListItem","position":1,"name":"Accueil","item":"https:\/\/www.joelheslaut2024.org\/"},{"@type":"ListItem","position":2,"name":"Ukraine, Gaza, la Paix Maintenant !"}]},{"@type":"WebSite","@id":"https:\/\/www.joelheslaut2024.org\/#website","url":"https:\/\/www.joelheslaut2024.org\/","name":"Jo\u00ebl Heslaut","description":"Candidat aux L\u00e9gislatives de 2024","publisher":{"@id":"https:\/\/www.joelheslaut2024.org\/#\/schema\/person\/20138c933ea21bea05c37eadbb9489ba"},"alternateName":"S\u2019ENGAGER LIBREMENT POUR LE BIEN COMMUN","potentialAction":[{"@type":"SearchAction","target":{"@type":"EntryPoint","urlTemplate":"https:\/\/www.joelheslaut2024.org\/?s={search_term_string}"},"query-input":"required name=search_term_string"}],"inLanguage":"fr-FR"},{"@type":["Person","Organization"],"@id":"https:\/\/www.joelheslaut2024.org\/#\/schema\/person\/20138c933ea21bea05c37eadbb9489ba","name":"Jo\u00ebl Heslaut","image":{"@type":"ImageObject","inLanguage":"fr-FR","@id":"https:\/\/www.joelheslaut2024.org\/#\/schema\/person\/image\/","url":"https:\/\/www.joelheslaut2024.org\/wp-content\/uploads\/2024\/06\/Joel_040-e1718880156447-edited-2.jpg","contentUrl":"https:\/\/www.joelheslaut2024.org\/wp-content\/uploads\/2024\/06\/Joel_040-e1718880156447-edited-2.jpg","width":924,"height":693,"caption":"Jo\u00ebl Heslaut"},"logo":{"@id":"https:\/\/www.joelheslaut2024.org\/#\/schema\/person\/image\/"},"sameAs":["http:\/\/ddepifa.cluster100.hosting.ovh.net","https:\/\/www.linkedin.com\/in\/jo\u00ebl-heslaut-b5b585\/"],"honorificPrefix":"M","gender":"homme","url":"https:\/\/www.joelheslaut2024.org\/index.php\/author\/administrateur\/"}]}},"_links":{"self":[{"href":"https:\/\/www.joelheslaut2024.org\/index.php\/wp-json\/wp\/v2\/posts\/246","targetHints":{"allow":["GET"]}}],"collection":[{"href":"https:\/\/www.joelheslaut2024.org\/index.php\/wp-json\/wp\/v2\/posts"}],"about":[{"href":"https:\/\/www.joelheslaut2024.org\/index.php\/wp-json\/wp\/v2\/types\/post"}],"author":[{"embeddable":true,"href":"https:\/\/www.joelheslaut2024.org\/index.php\/wp-json\/wp\/v2\/users\/1"}],"replies":[{"embeddable":true,"href":"https:\/\/www.joelheslaut2024.org\/index.php\/wp-json\/wp\/v2\/comments?post=246"}],"version-history":[{"count":1,"href":"https:\/\/www.joelheslaut2024.org\/index.php\/wp-json\/wp\/v2\/posts\/246\/revisions"}],"predecessor-version":[{"id":247,"href":"https:\/\/www.joelheslaut2024.org\/index.php\/wp-json\/wp\/v2\/posts\/246\/revisions\/247"}],"wp:attachment":[{"href":"https:\/\/www.joelheslaut2024.org\/index.php\/wp-json\/wp\/v2\/media?parent=246"}],"wp:term":[{"taxonomy":"category","embeddable":true,"href":"https:\/\/www.joelheslaut2024.org\/index.php\/wp-json\/wp\/v2\/categories?post=246"},{"taxonomy":"post_tag","embeddable":true,"href":"https:\/\/www.joelheslaut2024.org\/index.php\/wp-json\/wp\/v2\/tags?post=246"}],"curies":[{"name":"wp","href":"https:\/\/api.w.org\/{rel}","templated":true}]}}