{"id":244,"date":"2024-06-24T20:52:32","date_gmt":"2024-06-24T18:52:32","guid":{"rendered":"https:\/\/www.joelheslaut2024.org\/?p=244"},"modified":"2024-06-24T21:04:37","modified_gmt":"2024-06-24T19:04:37","slug":"le-president-de-la-republique-a-tue-la-majorite","status":"publish","type":"post","link":"https:\/\/www.joelheslaut2024.org\/index.php\/2024\/06\/24\/le-president-de-la-republique-a-tue-la-majorite\/","title":{"rendered":"\u00ab Le pr\u00e9sident de la R\u00e9publique a tu\u00e9 la majorit\u00e9 \u00bb"},"content":{"rendered":"\n<p>Edouard Philippe est lucide en disant cela, lucide aussi lorsqu&rsquo;il dit \u00ab comprendre \u00bb la \u00ab col\u00e8re \u00bb des Fran\u00e7ais vis-\u00e0-vis du chef de l\u2019Etat.<\/p>\n\n\n\n<p>Lorsqu\u2019il appelle \u00e0 \u00ab cr\u00e9er une nouvelle majorit\u00e9 \u00bb, il faut entendre sa volont\u00e9 claire de rupture avec le camp pr\u00e9sidentiel, ses poulains et ses technocrates. Cette nouvelle majorit\u00e9 peut-elle exister ou est-ce uniquement un v\u0153u pieux ?<\/p>\n\n\n\n<p>Ces \u00e9lections ne vont tr\u00e8s probablement pas d\u00e9gager pour un camp une majorit\u00e9 absolue de 289 si\u00e8ges. Le Rassemblement National ne pourra donc gouverner seul, le Nouveau Front Populaire non plus, Ensemble encore moins.<\/p>\n\n\n\n<p>Si le Rassemblement National, m\u00eame sans majorit\u00e9 absolue restera monolithique (modulo ses ralli\u00e9s LR peu fiables), le Nouveau Front Populaire lui ne restera soud\u00e9 qu\u2019en cas de victoire, il explosera d\u00e8s le 8 juillet dans le cas contraire.<\/p>\n\n\n\n<p>Quels seront alors les sc\u00e9narios ?<\/p>\n\n\n\n<ol class=\"wp-block-list\">\n<li><strong>Majorit\u00e9 Absolue pour un Parti<\/strong> : Peu probable et seul le RN pourrait l\u2019obtenir.&nbsp;<\/li>\n\n\n\n<li><strong>Coalition Majoritaire<\/strong> : Plus r\u00e9aliste, ce sc\u00e9nario impliquerait la formation d\u2019une coalition entre plusieurs partis. Cela n\u00e9cessiterait que le reste des R\u00e9publicains rallient un gouvernement Bardella.<\/li>\n\n\n\n<li><strong>Majorit\u00e9 Relative<\/strong> : si les R\u00e9publicains ne trahissent pas leurs derniers \u00e9lecteurs, aucune coalition majoritaire n\u2019\u00e9mergera. En ce cas, le locataire de l\u2019Elys\u00e9e pourra choisir un Premier Ministre de consensus dans un large spectre allant du Parti Socialiste aux R\u00e9publicains. Ce Premier Ministre devra alors gouverner en recherchant des accords ponctuels sur chaque vote au Parlement. Cela pourrait conduire \u00e0 une gouvernance instable et \u00e0 des difficult\u00e9s pour faire passer des r\u00e9formes.<\/li>\n\n\n\n<li><strong>Blocage Institutionnel<\/strong> : Dans le pire des cas, la fragmentation pourrait conduire \u00e0 une paralysie institutionnelle, avec une incapacit\u00e9 \u00e0 former des gouvernements. Deux solutions alors, attendre juillet 2025 pour une nouvelle dissolution, voir le Pr\u00e9sident d\u00e9missionner.<\/li>\n<\/ol>\n\n\n\n<p>Emmanuel Macron a exclu de d\u00e9missionner affirmant vouloir conduire son mandat \u00e0 son terme. Dimanche soir, il avait aussi promis de ne pas s\u2019impliquer dans la campagne l\u00e9gislative, comme toutes ses autres promesses de gouverner autrement, elle n\u2019aura pas dur\u00e9 plus longtemps que la rose. Qu\u2019en sera-t-il demain de ses nouvelles promesses ?<\/p>\n\n\n\n<p>La France va donc devoir, au moins jusqu\u2019\u00e0 l\u2019ann\u00e9e prochaine, vivre l\u2019exp\u00e9rience du r\u00e9gime parlementaire qu\u2019elle n\u2019a plus connu depuis 66 ans.<\/p>\n\n\n\n<p>Les Fran\u00e7ais vont red\u00e9couvrir un r\u00e9gime politique dans lequel toutes les voix pourront enfin se faire entendre \u00e0 l\u2019Assembl\u00e9e Nationale sans devoir se plier \u00e0 la d\u00e9cision d\u2019un seul, du chef providentiel omniscient et omnipotent. Chaque d\u00e9put\u00e9 sera enfin responsable devant ses \u00e9lecteurs, seulement devant eux.<\/p>\n\n\n\n<p>Dans votre circonscription? Une seule certitude, le RN n\u2019y a aucune chance.&nbsp;<\/p>\n\n\n\n<p><strong>A quoi vous servirait-il de suivre des consignes nationales de \u201cvote utile\u201d ?<\/strong><\/p>\n\n\n\n<p>Dans cette circonscription, il n\u2019y a pas \u00e0 faire barrage au RN, pas \u00e0 faire barrage \u00e0 un candidat LFI. <strong>Vous pourrez donc y faire valoir vos convictions sans crainte.<\/strong><\/p>\n\n\n\n<p>Si vous voulez que votre d\u00e9put\u00e9 s\u2019investisse sans compter pour porter votre voix et vos valeurs \u00e0 l\u2019Assembl\u00e9e Nationale, si vous voulez que votre d\u00e9put\u00e9 ne s\u2019abaisse pas devant les menaces qui guettent notre d\u00e9mocratie, si vous voulez que votre d\u00e9put\u00e9 ne re\u00e7oive pas ses ordres du Palais de l\u2019Elys\u00e9e, ne vous laissez pas aveugler par les discours qui pr\u00e9tendent que le seul recours est la troisi\u00e8me voie.<\/p>\n\n\n\n<p>Il existe une autre voie, celle d\u2019\u00e9lire un repr\u00e9sentant ind\u00e9pendant qui affirme clairement ses valeurs et comment il les portera pour vous.&nbsp;<\/p>\n\n\n\n<p>Un d\u00e9put\u00e9 qui soutiendra en toute libert\u00e9, sans revendiquer un poste,  toute initiative pour cr\u00e9er la \u201cnouvelle majorit\u00e9\u201d dont parle Edouard Philippe, ind\u00e9pendante des extr\u00eames et des man\u0153uvres d\u00e9sesp\u00e9r\u00e9es du \u201cen m\u00eame temps\u201d qui a fait tant de mal \u00e0 l\u2019image de notre d\u00e9mocratie depuis sept ans.<\/p>\n\n\n\n<p>Votez pour moi, je ne vous d\u00e9cevrai pas.<\/p>\n\n\n\n<p>Jo\u00ebl Heslaut<\/p>\n","protected":false},"excerpt":{"rendered":"<p>Edouard Philippe est lucide en disant cela, lucide aussi lorsqu&rsquo;il dit \u00ab comprendre \u00bb la \u00ab col\u00e8re \u00bb des Fran\u00e7ais vis-\u00e0-vis du chef de l\u2019Etat. Lorsqu\u2019il appelle \u00e0 \u00ab cr\u00e9er une nouvelle majorit\u00e9 \u00bb, il faut entendre sa volont\u00e9 claire de rupture avec le camp pr\u00e9sidentiel, ses poulains et ses technocrates. Cette nouvelle majorit\u00e9 peut-elle [&hellip;]<\/p>\n","protected":false},"author":1,"featured_media":0,"comment_status":"open","ping_status":"open","sticky":false,"template":"","format":"standard","meta":{"footnotes":""},"categories":[1],"tags":[],"class_list":["post-244","post","type-post","status-publish","format-standard","hentry","category-non-classe"],"yoast_head":"<!-- This site is optimized with the Yoast SEO Premium plugin v23.0 (Yoast SEO v23.0) - https:\/\/yoast.com\/wordpress\/plugins\/seo\/ -->\n<title>\u00ab Le pr\u00e9sident de la R\u00e9publique a tu\u00e9 la majorit\u00e9 \u00bb - Jo\u00ebl Heslaut<\/title>\n<meta name=\"robots\" content=\"index, follow, max-snippet:-1, max-image-preview:large, max-video-preview:-1\" \/>\n<link rel=\"canonical\" href=\"https:\/\/www.joelheslaut2024.org\/index.php\/2024\/06\/24\/le-president-de-la-republique-a-tue-la-majorite\/\" \/>\n<meta property=\"og:locale\" content=\"fr_FR\" \/>\n<meta property=\"og:type\" content=\"article\" \/>\n<meta property=\"og:title\" content=\"\u00ab Le pr\u00e9sident de la R\u00e9publique a tu\u00e9 la majorit\u00e9 \u00bb\" \/>\n<meta property=\"og:description\" content=\"Edouard Philippe est lucide en disant cela, lucide aussi lorsqu&rsquo;il dit \u00ab comprendre \u00bb la \u00ab col\u00e8re \u00bb des Fran\u00e7ais vis-\u00e0-vis du chef de l\u2019Etat. Lorsqu\u2019il appelle \u00e0 \u00ab cr\u00e9er une nouvelle majorit\u00e9 \u00bb, il faut entendre sa volont\u00e9 claire de rupture avec le camp pr\u00e9sidentiel, ses poulains et ses technocrates. Cette nouvelle majorit\u00e9 peut-elle [&hellip;]\" \/>\n<meta property=\"og:url\" content=\"https:\/\/www.joelheslaut2024.org\/index.php\/2024\/06\/24\/le-president-de-la-republique-a-tue-la-majorite\/\" \/>\n<meta property=\"og:site_name\" content=\"Jo\u00ebl Heslaut\" \/>\n<meta property=\"article:published_time\" content=\"2024-06-24T18:52:32+00:00\" \/>\n<meta property=\"article:modified_time\" content=\"2024-06-24T19:04:37+00:00\" \/>\n<meta name=\"author\" content=\"Jo\u00ebl Heslaut\" \/>\n<meta name=\"twitter:card\" content=\"summary_large_image\" \/>\n<meta name=\"twitter:label1\" content=\"\u00c9crit par\" \/>\n\t<meta name=\"twitter:data1\" content=\"Jo\u00ebl Heslaut\" \/>\n\t<meta name=\"twitter:label2\" content=\"Dur\u00e9e de lecture estim\u00e9e\" \/>\n\t<meta name=\"twitter:data2\" content=\"3 minutes\" \/>\n<script type=\"application\/ld+json\" class=\"yoast-schema-graph\">{\"@context\":\"https:\/\/schema.org\",\"@graph\":[{\"@type\":\"Article\",\"@id\":\"https:\/\/www.joelheslaut2024.org\/index.php\/2024\/06\/24\/le-president-de-la-republique-a-tue-la-majorite\/#article\",\"isPartOf\":{\"@id\":\"https:\/\/www.joelheslaut2024.org\/index.php\/2024\/06\/24\/le-president-de-la-republique-a-tue-la-majorite\/\"},\"author\":{\"name\":\"Jo\u00ebl Heslaut\",\"@id\":\"https:\/\/www.joelheslaut2024.org\/#\/schema\/person\/20138c933ea21bea05c37eadbb9489ba\"},\"headline\":\"\u00ab Le pr\u00e9sident de la R\u00e9publique a tu\u00e9 la majorit\u00e9 \u00bb\",\"datePublished\":\"2024-06-24T18:52:32+00:00\",\"dateModified\":\"2024-06-24T19:04:37+00:00\",\"mainEntityOfPage\":{\"@id\":\"https:\/\/www.joelheslaut2024.org\/index.php\/2024\/06\/24\/le-president-de-la-republique-a-tue-la-majorite\/\"},\"wordCount\":678,\"commentCount\":0,\"publisher\":{\"@id\":\"https:\/\/www.joelheslaut2024.org\/#\/schema\/person\/20138c933ea21bea05c37eadbb9489ba\"},\"inLanguage\":\"fr-FR\",\"potentialAction\":[{\"@type\":\"CommentAction\",\"name\":\"Comment\",\"target\":[\"https:\/\/www.joelheslaut2024.org\/index.php\/2024\/06\/24\/le-president-de-la-republique-a-tue-la-majorite\/#respond\"]}]},{\"@type\":\"WebPage\",\"@id\":\"https:\/\/www.joelheslaut2024.org\/index.php\/2024\/06\/24\/le-president-de-la-republique-a-tue-la-majorite\/\",\"url\":\"https:\/\/www.joelheslaut2024.org\/index.php\/2024\/06\/24\/le-president-de-la-republique-a-tue-la-majorite\/\",\"name\":\"\u00ab Le pr\u00e9sident de la R\u00e9publique a tu\u00e9 la majorit\u00e9 \u00bb - Jo\u00ebl Heslaut\",\"isPartOf\":{\"@id\":\"https:\/\/www.joelheslaut2024.org\/#website\"},\"datePublished\":\"2024-06-24T18:52:32+00:00\",\"dateModified\":\"2024-06-24T19:04:37+00:00\",\"breadcrumb\":{\"@id\":\"https:\/\/www.joelheslaut2024.org\/index.php\/2024\/06\/24\/le-president-de-la-republique-a-tue-la-majorite\/#breadcrumb\"},\"inLanguage\":\"fr-FR\",\"potentialAction\":[{\"@type\":\"ReadAction\",\"target\":[\"https:\/\/www.joelheslaut2024.org\/index.php\/2024\/06\/24\/le-president-de-la-republique-a-tue-la-majorite\/\"]}]},{\"@type\":\"BreadcrumbList\",\"@id\":\"https:\/\/www.joelheslaut2024.org\/index.php\/2024\/06\/24\/le-president-de-la-republique-a-tue-la-majorite\/#breadcrumb\",\"itemListElement\":[{\"@type\":\"ListItem\",\"position\":1,\"name\":\"Accueil\",\"item\":\"https:\/\/www.joelheslaut2024.org\/\"},{\"@type\":\"ListItem\",\"position\":2,\"name\":\"\u00ab Le pr\u00e9sident de la R\u00e9publique a tu\u00e9 la majorit\u00e9 \u00bb\"}]},{\"@type\":\"WebSite\",\"@id\":\"https:\/\/www.joelheslaut2024.org\/#website\",\"url\":\"https:\/\/www.joelheslaut2024.org\/\",\"name\":\"Jo\u00ebl Heslaut\",\"description\":\"Candidat aux L\u00e9gislatives de 2024\",\"publisher\":{\"@id\":\"https:\/\/www.joelheslaut2024.org\/#\/schema\/person\/20138c933ea21bea05c37eadbb9489ba\"},\"alternateName\":\"S\u2019ENGAGER LIBREMENT POUR LE BIEN COMMUN\",\"potentialAction\":[{\"@type\":\"SearchAction\",\"target\":{\"@type\":\"EntryPoint\",\"urlTemplate\":\"https:\/\/www.joelheslaut2024.org\/?s={search_term_string}\"},\"query-input\":\"required name=search_term_string\"}],\"inLanguage\":\"fr-FR\"},{\"@type\":[\"Person\",\"Organization\"],\"@id\":\"https:\/\/www.joelheslaut2024.org\/#\/schema\/person\/20138c933ea21bea05c37eadbb9489ba\",\"name\":\"Jo\u00ebl Heslaut\",\"image\":{\"@type\":\"ImageObject\",\"inLanguage\":\"fr-FR\",\"@id\":\"https:\/\/www.joelheslaut2024.org\/#\/schema\/person\/image\/\",\"url\":\"https:\/\/www.joelheslaut2024.org\/wp-content\/uploads\/2024\/06\/Joel_040-e1718880156447-edited-2.jpg\",\"contentUrl\":\"https:\/\/www.joelheslaut2024.org\/wp-content\/uploads\/2024\/06\/Joel_040-e1718880156447-edited-2.jpg\",\"width\":924,\"height\":693,\"caption\":\"Jo\u00ebl Heslaut\"},\"logo\":{\"@id\":\"https:\/\/www.joelheslaut2024.org\/#\/schema\/person\/image\/\"},\"sameAs\":[\"http:\/\/ddepifa.cluster100.hosting.ovh.net\",\"https:\/\/www.linkedin.com\/in\/jo\u00ebl-heslaut-b5b585\/\"],\"honorificPrefix\":\"M\",\"gender\":\"homme\",\"url\":\"https:\/\/www.joelheslaut2024.org\/index.php\/author\/administrateur\/\"}]}<\/script>\n<!-- \/ Yoast SEO Premium plugin. -->","yoast_head_json":{"title":"\u00ab Le pr\u00e9sident de la R\u00e9publique a tu\u00e9 la majorit\u00e9 \u00bb - Jo\u00ebl Heslaut","robots":{"index":"index","follow":"follow","max-snippet":"max-snippet:-1","max-image-preview":"max-image-preview:large","max-video-preview":"max-video-preview:-1"},"canonical":"https:\/\/www.joelheslaut2024.org\/index.php\/2024\/06\/24\/le-president-de-la-republique-a-tue-la-majorite\/","og_locale":"fr_FR","og_type":"article","og_title":"\u00ab Le pr\u00e9sident de la R\u00e9publique a tu\u00e9 la majorit\u00e9 \u00bb","og_description":"Edouard Philippe est lucide en disant cela, lucide aussi lorsqu&rsquo;il dit \u00ab comprendre \u00bb la \u00ab col\u00e8re \u00bb des Fran\u00e7ais vis-\u00e0-vis du chef de l\u2019Etat. Lorsqu\u2019il appelle \u00e0 \u00ab cr\u00e9er une nouvelle majorit\u00e9 \u00bb, il faut entendre sa volont\u00e9 claire de rupture avec le camp pr\u00e9sidentiel, ses poulains et ses technocrates. Cette nouvelle majorit\u00e9 peut-elle [&hellip;]","og_url":"https:\/\/www.joelheslaut2024.org\/index.php\/2024\/06\/24\/le-president-de-la-republique-a-tue-la-majorite\/","og_site_name":"Jo\u00ebl Heslaut","article_published_time":"2024-06-24T18:52:32+00:00","article_modified_time":"2024-06-24T19:04:37+00:00","author":"Jo\u00ebl Heslaut","twitter_card":"summary_large_image","twitter_misc":{"\u00c9crit par":"Jo\u00ebl Heslaut","Dur\u00e9e de lecture estim\u00e9e":"3 minutes"},"schema":{"@context":"https:\/\/schema.org","@graph":[{"@type":"Article","@id":"https:\/\/www.joelheslaut2024.org\/index.php\/2024\/06\/24\/le-president-de-la-republique-a-tue-la-majorite\/#article","isPartOf":{"@id":"https:\/\/www.joelheslaut2024.org\/index.php\/2024\/06\/24\/le-president-de-la-republique-a-tue-la-majorite\/"},"author":{"name":"Jo\u00ebl Heslaut","@id":"https:\/\/www.joelheslaut2024.org\/#\/schema\/person\/20138c933ea21bea05c37eadbb9489ba"},"headline":"\u00ab Le pr\u00e9sident de la R\u00e9publique a tu\u00e9 la majorit\u00e9 \u00bb","datePublished":"2024-06-24T18:52:32+00:00","dateModified":"2024-06-24T19:04:37+00:00","mainEntityOfPage":{"@id":"https:\/\/www.joelheslaut2024.org\/index.php\/2024\/06\/24\/le-president-de-la-republique-a-tue-la-majorite\/"},"wordCount":678,"commentCount":0,"publisher":{"@id":"https:\/\/www.joelheslaut2024.org\/#\/schema\/person\/20138c933ea21bea05c37eadbb9489ba"},"inLanguage":"fr-FR","potentialAction":[{"@type":"CommentAction","name":"Comment","target":["https:\/\/www.joelheslaut2024.org\/index.php\/2024\/06\/24\/le-president-de-la-republique-a-tue-la-majorite\/#respond"]}]},{"@type":"WebPage","@id":"https:\/\/www.joelheslaut2024.org\/index.php\/2024\/06\/24\/le-president-de-la-republique-a-tue-la-majorite\/","url":"https:\/\/www.joelheslaut2024.org\/index.php\/2024\/06\/24\/le-president-de-la-republique-a-tue-la-majorite\/","name":"\u00ab Le pr\u00e9sident de la R\u00e9publique a tu\u00e9 la majorit\u00e9 \u00bb - Jo\u00ebl Heslaut","isPartOf":{"@id":"https:\/\/www.joelheslaut2024.org\/#website"},"datePublished":"2024-06-24T18:52:32+00:00","dateModified":"2024-06-24T19:04:37+00:00","breadcrumb":{"@id":"https:\/\/www.joelheslaut2024.org\/index.php\/2024\/06\/24\/le-president-de-la-republique-a-tue-la-majorite\/#breadcrumb"},"inLanguage":"fr-FR","potentialAction":[{"@type":"ReadAction","target":["https:\/\/www.joelheslaut2024.org\/index.php\/2024\/06\/24\/le-president-de-la-republique-a-tue-la-majorite\/"]}]},{"@type":"BreadcrumbList","@id":"https:\/\/www.joelheslaut2024.org\/index.php\/2024\/06\/24\/le-president-de-la-republique-a-tue-la-majorite\/#breadcrumb","itemListElement":[{"@type":"ListItem","position":1,"name":"Accueil","item":"https:\/\/www.joelheslaut2024.org\/"},{"@type":"ListItem","position":2,"name":"\u00ab Le pr\u00e9sident de la R\u00e9publique a tu\u00e9 la majorit\u00e9 \u00bb"}]},{"@type":"WebSite","@id":"https:\/\/www.joelheslaut2024.org\/#website","url":"https:\/\/www.joelheslaut2024.org\/","name":"Jo\u00ebl Heslaut","description":"Candidat aux L\u00e9gislatives de 2024","publisher":{"@id":"https:\/\/www.joelheslaut2024.org\/#\/schema\/person\/20138c933ea21bea05c37eadbb9489ba"},"alternateName":"S\u2019ENGAGER LIBREMENT POUR LE BIEN COMMUN","potentialAction":[{"@type":"SearchAction","target":{"@type":"EntryPoint","urlTemplate":"https:\/\/www.joelheslaut2024.org\/?s={search_term_string}"},"query-input":"required name=search_term_string"}],"inLanguage":"fr-FR"},{"@type":["Person","Organization"],"@id":"https:\/\/www.joelheslaut2024.org\/#\/schema\/person\/20138c933ea21bea05c37eadbb9489ba","name":"Jo\u00ebl Heslaut","image":{"@type":"ImageObject","inLanguage":"fr-FR","@id":"https:\/\/www.joelheslaut2024.org\/#\/schema\/person\/image\/","url":"https:\/\/www.joelheslaut2024.org\/wp-content\/uploads\/2024\/06\/Joel_040-e1718880156447-edited-2.jpg","contentUrl":"https:\/\/www.joelheslaut2024.org\/wp-content\/uploads\/2024\/06\/Joel_040-e1718880156447-edited-2.jpg","width":924,"height":693,"caption":"Jo\u00ebl Heslaut"},"logo":{"@id":"https:\/\/www.joelheslaut2024.org\/#\/schema\/person\/image\/"},"sameAs":["http:\/\/ddepifa.cluster100.hosting.ovh.net","https:\/\/www.linkedin.com\/in\/jo\u00ebl-heslaut-b5b585\/"],"honorificPrefix":"M","gender":"homme","url":"https:\/\/www.joelheslaut2024.org\/index.php\/author\/administrateur\/"}]}},"_links":{"self":[{"href":"https:\/\/www.joelheslaut2024.org\/index.php\/wp-json\/wp\/v2\/posts\/244","targetHints":{"allow":["GET"]}}],"collection":[{"href":"https:\/\/www.joelheslaut2024.org\/index.php\/wp-json\/wp\/v2\/posts"}],"about":[{"href":"https:\/\/www.joelheslaut2024.org\/index.php\/wp-json\/wp\/v2\/types\/post"}],"author":[{"embeddable":true,"href":"https:\/\/www.joelheslaut2024.org\/index.php\/wp-json\/wp\/v2\/users\/1"}],"replies":[{"embeddable":true,"href":"https:\/\/www.joelheslaut2024.org\/index.php\/wp-json\/wp\/v2\/comments?post=244"}],"version-history":[{"count":2,"href":"https:\/\/www.joelheslaut2024.org\/index.php\/wp-json\/wp\/v2\/posts\/244\/revisions"}],"predecessor-version":[{"id":248,"href":"https:\/\/www.joelheslaut2024.org\/index.php\/wp-json\/wp\/v2\/posts\/244\/revisions\/248"}],"wp:attachment":[{"href":"https:\/\/www.joelheslaut2024.org\/index.php\/wp-json\/wp\/v2\/media?parent=244"}],"wp:term":[{"taxonomy":"category","embeddable":true,"href":"https:\/\/www.joelheslaut2024.org\/index.php\/wp-json\/wp\/v2\/categories?post=244"},{"taxonomy":"post_tag","embeddable":true,"href":"https:\/\/www.joelheslaut2024.org\/index.php\/wp-json\/wp\/v2\/tags?post=244"}],"curies":[{"name":"wp","href":"https:\/\/api.w.org\/{rel}","templated":true}]}}