{"id":1,"date":"2024-06-19T17:06:15","date_gmt":"2024-06-19T15:06:15","guid":{"rendered":"http:\/\/ddepifa.cluster100.hosting.ovh.net\/?p=1"},"modified":"2024-06-20T15:00:26","modified_gmt":"2024-06-20T13:00:26","slug":"bonjour-tout-le-monde","status":"publish","type":"post","link":"https:\/\/www.joelheslaut2024.org\/index.php\/2024\/06\/19\/bonjour-tout-le-monde\/","title":{"rendered":"Texte sur la fin de vie, ou comment le pouvoir a fait semblant d&rsquo;\u00e9couter sans entendre"},"content":{"rendered":"\n<h3 class=\"wp-block-heading\">Faux Progr\u00e8s et V\u00e9ritable R\u00e9gression \u00c9thique<\/h3>\n\n\n\n<p>Le projet de loi sur la fin de vie, r\u00e9cemment propos\u00e9 par le gouvernement fran\u00e7ais, se pr\u00e9sente comme une avanc\u00e9e en mati\u00e8re de droits individuels et de compassion. Cependant, une analyse plus approfondie r\u00e9v\u00e8le qu\u2019il constitue une trahison des valeurs fondamentales de respect de la vie, comme l&rsquo;ont soulign\u00e9 les plus hautes autorit\u00e9s religieuses, les esprits la\u00efques les plus \u00e9clair\u00e9s.<\/p>\n\n\n\n<p>Emmanuel Macron, en d\u00e9fendant cette loi, affirmait vouloir apporter une r\u00e9ponse \u00e9thique \u00e0 des situations de souffrance insupportable. Toutefois, cette d\u00e9marche masque une r\u00e9alit\u00e9 plus sombre : l\u2019\u00c9tat pr\u00e9tend \u00e9couter les citoyens, mais ne fait que jouer un r\u00f4le, ignorant les v\u00e9ritables pr\u00e9occupations \u00e9thiques de la soci\u00e9t\u00e9. En l\u00e9galisant l\u2019aide active \u00e0 mourir, cette loi mine la valeur sacr\u00e9e de la vie humaine.<\/p>\n\n\n\n<p>La vie comme un don sacr\u00e9. La Torah enseigne que toute vie humaine est pr\u00e9cieuse et que seul Dieu a le droit de d\u00e9cider de la mort d\u2019une personne. Les autorit\u00e9s rabbiniques comme les \u00c9v\u00eaques soulignent que la souffrance humaine, bien que difficile, doit \u00eatre accompagn\u00e9e et soulag\u00e9e, non pas \u00e9court\u00e9e par des actes de mort assist\u00e9e, que chaque vie est pr\u00e9cieuse, de la conception jusqu&rsquo;\u00e0 la mort naturelle, et que la souffrance, m\u00eame extr\u00eame, peut avoir un sens et une valeur\u200b.<\/p>\n\n\n\n<p>L\u2019introduction de cette loi ouvre la porte \u00e0 des abus et \u00e0 une d\u00e9valuation progressive de la vie humaine, ce qui est inacceptable tant du point de vue \u00e9thique que religieux.<\/p>\n\n\n\n<p>Les crit\u00e8res d\u2019\u00e9ligibilit\u00e9, bien que rigoureux en apparence, demeurent sujets \u00e0 interpr\u00e9tation subjective. La capacit\u00e9 de discernement, par exemple, est une notion difficile \u00e0 \u00e9valuer de mani\u00e8re uniforme. De plus, l\u2019id\u00e9e de permettre \u00e0 un m\u00e9decin de d\u00e9cider de l\u2019admissibilit\u00e9 \u00e0 l\u2019aide \u00e0 mourir place une pression immense sur les professionnels de la sant\u00e9, \u00e9rodant la relation de confiance essentielle entre les patients et leurs soignants.<\/p>\n\n\n\n<p>Cet projet allait mettre en place un processus bureaucratique d\u00e9shumanisant, qui pourrait isoler davantage les personnes vuln\u00e9rables. Au lieu de recevoir des soins palliatifs de qualit\u00e9 et un accompagnement compatissant, les patients risquent de se sentir pouss\u00e9s vers une solution de facilit\u00e9 : la mort assist\u00e9e. Le juda\u00efsme, tout comme le catholicisme, pr\u00f4ne l\u2019importance des soins palliatifs pour soulager la douleur sans pr\u00e9cipiter la mort.<\/p>\n\n\n\n<p>Le d\u00e9bat autour de cette l\u00e9gislation r\u00e9v\u00e8le une profonde division soci\u00e9tale. D&rsquo;un c\u00f4t\u00e9, certains la voient comme une extension des droits individuels. De l&rsquo;autre, les autorit\u00e9s religieuses et de nombreux m\u00e9decins mettent en garde contre les implications \u00e9thiques et morales. Les leaders religieux juifs et catholiques appellent \u00e0 une soci\u00e9t\u00e9 qui respecte et prot\u00e8ge la vie, offrant un soutien v\u00e9ritable aux personnes en fin de vie, et valorisant chaque moment de l\u2019existence humaine, m\u00eame dans la souffrance.<\/p>\n\n\n\n<p>Il m&rsquo;est d\u00e9j\u00e0 arriv\u00e9 d&rsquo;accompagner des proches sur ce chemin, je peux ici t\u00e9moigner que la rationalit\u00e9 n&rsquo;y a pas sa place, que celui qui quelques mois avant pr\u00e9tendait vouloir \u00eatre euthanasi\u00e9 l&rsquo;a refus\u00e9 au seuil du passage, que la s\u00e9dation profonde \u00e0 laquelle il aspirait quelques jours avant, il l&rsquo;a \u00e9cart\u00e9e au seuil de la mort, voulant jusqu&rsquo;au bout malgr\u00e9 les souffrances se raccrocher \u00e0 ce ce bien si pr\u00e9cieux jusqu&rsquo;\u00e0 son dernier souffle.<\/p>\n\n\n\n<p>En conclusion, cette loi sur la fin de vie n&rsquo;est pas le progr\u00e8s \u00e9thique qu&rsquo;elle pr\u00e9tend \u00eatre. Elle repr\u00e9sente une r\u00e9gression dangereuse, mena\u00e7ant les fondements m\u00eames de notre humanit\u00e9 et de notre soci\u00e9t\u00e9 solidaire. Le v\u00e9ritable progr\u00e8s consisterait \u00e0 renforcer les soins palliatifs, \u00e0 garantir que chaque personne en fin de vie re\u00e7oive le soutien et l\u2019accompagnement n\u00e9cessaires pour vivre ses derniers moments avec dignit\u00e9 et respect.<\/p>\n\n\n\n<p>Jo\u00ebl Heslaut<\/p>\n","protected":false},"excerpt":{"rendered":"<p>Faux Progr\u00e8s et V\u00e9ritable R\u00e9gression \u00c9thique Le projet de loi sur la fin de vie, r\u00e9cemment propos\u00e9 par le gouvernement fran\u00e7ais, se pr\u00e9sente comme une avanc\u00e9e en mati\u00e8re de droits individuels et de compassion. Cependant, une analyse plus approfondie r\u00e9v\u00e8le qu\u2019il constitue une trahison des valeurs fondamentales de respect de la vie, comme l&rsquo;ont soulign\u00e9 [&hellip;]<\/p>\n","protected":false},"author":1,"featured_media":0,"comment_status":"open","ping_status":"open","sticky":false,"template":"","format":"standard","meta":{"footnotes":""},"categories":[1],"tags":[],"class_list":["post-1","post","type-post","status-publish","format-standard","hentry","category-non-classe"],"yoast_head":"<!-- This site is optimized with the Yoast SEO Premium plugin v23.0 (Yoast SEO v23.0) - https:\/\/yoast.com\/wordpress\/plugins\/seo\/ -->\n<title>Texte sur la fin de vie, ou comment le pouvoir a fait semblant d&#039;\u00e9couter sans entendre - Jo\u00ebl Heslaut<\/title>\n<meta name=\"robots\" content=\"index, follow, max-snippet:-1, max-image-preview:large, max-video-preview:-1\" \/>\n<link rel=\"canonical\" href=\"https:\/\/www.joelheslaut2024.org\/index.php\/2024\/06\/19\/bonjour-tout-le-monde\/\" \/>\n<meta property=\"og:locale\" content=\"fr_FR\" \/>\n<meta property=\"og:type\" content=\"article\" \/>\n<meta property=\"og:title\" content=\"Texte sur la fin de vie, ou comment le pouvoir a fait semblant d&#039;\u00e9couter sans entendre\" \/>\n<meta property=\"og:description\" content=\"Faux Progr\u00e8s et V\u00e9ritable R\u00e9gression \u00c9thique Le projet de loi sur la fin de vie, r\u00e9cemment propos\u00e9 par le gouvernement fran\u00e7ais, se pr\u00e9sente comme une avanc\u00e9e en mati\u00e8re de droits individuels et de compassion. Cependant, une analyse plus approfondie r\u00e9v\u00e8le qu\u2019il constitue une trahison des valeurs fondamentales de respect de la vie, comme l&rsquo;ont soulign\u00e9 [&hellip;]\" \/>\n<meta property=\"og:url\" content=\"https:\/\/www.joelheslaut2024.org\/index.php\/2024\/06\/19\/bonjour-tout-le-monde\/\" \/>\n<meta property=\"og:site_name\" content=\"Jo\u00ebl Heslaut\" \/>\n<meta property=\"article:published_time\" content=\"2024-06-19T15:06:15+00:00\" \/>\n<meta property=\"article:modified_time\" content=\"2024-06-20T13:00:26+00:00\" \/>\n<meta name=\"author\" content=\"Jo\u00ebl Heslaut\" \/>\n<meta name=\"twitter:card\" content=\"summary_large_image\" \/>\n<meta name=\"twitter:label1\" content=\"\u00c9crit par\" \/>\n\t<meta name=\"twitter:data1\" content=\"Jo\u00ebl Heslaut\" \/>\n\t<meta name=\"twitter:label2\" content=\"Dur\u00e9e de lecture estim\u00e9e\" \/>\n\t<meta name=\"twitter:data2\" content=\"3 minutes\" \/>\n<script type=\"application\/ld+json\" class=\"yoast-schema-graph\">{\"@context\":\"https:\/\/schema.org\",\"@graph\":[{\"@type\":\"Article\",\"@id\":\"https:\/\/www.joelheslaut2024.org\/index.php\/2024\/06\/19\/bonjour-tout-le-monde\/#article\",\"isPartOf\":{\"@id\":\"https:\/\/www.joelheslaut2024.org\/index.php\/2024\/06\/19\/bonjour-tout-le-monde\/\"},\"author\":{\"name\":\"Jo\u00ebl Heslaut\",\"@id\":\"https:\/\/www.joelheslaut2024.org\/#\/schema\/person\/20138c933ea21bea05c37eadbb9489ba\"},\"headline\":\"Texte sur la fin de vie, ou comment le pouvoir a fait semblant d&rsquo;\u00e9couter sans entendre\",\"datePublished\":\"2024-06-19T15:06:15+00:00\",\"dateModified\":\"2024-06-20T13:00:26+00:00\",\"mainEntityOfPage\":{\"@id\":\"https:\/\/www.joelheslaut2024.org\/index.php\/2024\/06\/19\/bonjour-tout-le-monde\/\"},\"wordCount\":686,\"commentCount\":1,\"publisher\":{\"@id\":\"https:\/\/www.joelheslaut2024.org\/#\/schema\/person\/20138c933ea21bea05c37eadbb9489ba\"},\"inLanguage\":\"fr-FR\",\"potentialAction\":[{\"@type\":\"CommentAction\",\"name\":\"Comment\",\"target\":[\"https:\/\/www.joelheslaut2024.org\/index.php\/2024\/06\/19\/bonjour-tout-le-monde\/#respond\"]}]},{\"@type\":\"WebPage\",\"@id\":\"https:\/\/www.joelheslaut2024.org\/index.php\/2024\/06\/19\/bonjour-tout-le-monde\/\",\"url\":\"https:\/\/www.joelheslaut2024.org\/index.php\/2024\/06\/19\/bonjour-tout-le-monde\/\",\"name\":\"Texte sur la fin de vie, ou comment le pouvoir a fait semblant d'\u00e9couter sans entendre - Jo\u00ebl Heslaut\",\"isPartOf\":{\"@id\":\"https:\/\/www.joelheslaut2024.org\/#website\"},\"datePublished\":\"2024-06-19T15:06:15+00:00\",\"dateModified\":\"2024-06-20T13:00:26+00:00\",\"breadcrumb\":{\"@id\":\"https:\/\/www.joelheslaut2024.org\/index.php\/2024\/06\/19\/bonjour-tout-le-monde\/#breadcrumb\"},\"inLanguage\":\"fr-FR\",\"potentialAction\":[{\"@type\":\"ReadAction\",\"target\":[\"https:\/\/www.joelheslaut2024.org\/index.php\/2024\/06\/19\/bonjour-tout-le-monde\/\"]}]},{\"@type\":\"BreadcrumbList\",\"@id\":\"https:\/\/www.joelheslaut2024.org\/index.php\/2024\/06\/19\/bonjour-tout-le-monde\/#breadcrumb\",\"itemListElement\":[{\"@type\":\"ListItem\",\"position\":1,\"name\":\"Accueil\",\"item\":\"https:\/\/www.joelheslaut2024.org\/\"},{\"@type\":\"ListItem\",\"position\":2,\"name\":\"Texte sur la fin de vie, ou comment le pouvoir a fait semblant d&rsquo;\u00e9couter sans entendre\"}]},{\"@type\":\"WebSite\",\"@id\":\"https:\/\/www.joelheslaut2024.org\/#website\",\"url\":\"https:\/\/www.joelheslaut2024.org\/\",\"name\":\"Jo\u00ebl Heslaut\",\"description\":\"Candidat aux L\u00e9gislatives de 2024\",\"publisher\":{\"@id\":\"https:\/\/www.joelheslaut2024.org\/#\/schema\/person\/20138c933ea21bea05c37eadbb9489ba\"},\"alternateName\":\"S\u2019ENGAGER LIBREMENT POUR LE BIEN COMMUN\",\"potentialAction\":[{\"@type\":\"SearchAction\",\"target\":{\"@type\":\"EntryPoint\",\"urlTemplate\":\"https:\/\/www.joelheslaut2024.org\/?s={search_term_string}\"},\"query-input\":\"required name=search_term_string\"}],\"inLanguage\":\"fr-FR\"},{\"@type\":[\"Person\",\"Organization\"],\"@id\":\"https:\/\/www.joelheslaut2024.org\/#\/schema\/person\/20138c933ea21bea05c37eadbb9489ba\",\"name\":\"Jo\u00ebl Heslaut\",\"image\":{\"@type\":\"ImageObject\",\"inLanguage\":\"fr-FR\",\"@id\":\"https:\/\/www.joelheslaut2024.org\/#\/schema\/person\/image\/\",\"url\":\"https:\/\/www.joelheslaut2024.org\/wp-content\/uploads\/2024\/06\/Joel_040-e1718880156447-edited-2.jpg\",\"contentUrl\":\"https:\/\/www.joelheslaut2024.org\/wp-content\/uploads\/2024\/06\/Joel_040-e1718880156447-edited-2.jpg\",\"width\":924,\"height\":693,\"caption\":\"Jo\u00ebl Heslaut\"},\"logo\":{\"@id\":\"https:\/\/www.joelheslaut2024.org\/#\/schema\/person\/image\/\"},\"sameAs\":[\"http:\/\/ddepifa.cluster100.hosting.ovh.net\",\"https:\/\/www.linkedin.com\/in\/jo\u00ebl-heslaut-b5b585\/\"],\"honorificPrefix\":\"M\",\"gender\":\"homme\",\"url\":\"https:\/\/www.joelheslaut2024.org\/index.php\/author\/administrateur\/\"}]}<\/script>\n<!-- \/ Yoast SEO Premium plugin. -->","yoast_head_json":{"title":"Texte sur la fin de vie, ou comment le pouvoir a fait semblant d'\u00e9couter sans entendre - Jo\u00ebl Heslaut","robots":{"index":"index","follow":"follow","max-snippet":"max-snippet:-1","max-image-preview":"max-image-preview:large","max-video-preview":"max-video-preview:-1"},"canonical":"https:\/\/www.joelheslaut2024.org\/index.php\/2024\/06\/19\/bonjour-tout-le-monde\/","og_locale":"fr_FR","og_type":"article","og_title":"Texte sur la fin de vie, ou comment le pouvoir a fait semblant d'\u00e9couter sans entendre","og_description":"Faux Progr\u00e8s et V\u00e9ritable R\u00e9gression \u00c9thique Le projet de loi sur la fin de vie, r\u00e9cemment propos\u00e9 par le gouvernement fran\u00e7ais, se pr\u00e9sente comme une avanc\u00e9e en mati\u00e8re de droits individuels et de compassion. Cependant, une analyse plus approfondie r\u00e9v\u00e8le qu\u2019il constitue une trahison des valeurs fondamentales de respect de la vie, comme l&rsquo;ont soulign\u00e9 [&hellip;]","og_url":"https:\/\/www.joelheslaut2024.org\/index.php\/2024\/06\/19\/bonjour-tout-le-monde\/","og_site_name":"Jo\u00ebl Heslaut","article_published_time":"2024-06-19T15:06:15+00:00","article_modified_time":"2024-06-20T13:00:26+00:00","author":"Jo\u00ebl Heslaut","twitter_card":"summary_large_image","twitter_misc":{"\u00c9crit par":"Jo\u00ebl Heslaut","Dur\u00e9e de lecture estim\u00e9e":"3 minutes"},"schema":{"@context":"https:\/\/schema.org","@graph":[{"@type":"Article","@id":"https:\/\/www.joelheslaut2024.org\/index.php\/2024\/06\/19\/bonjour-tout-le-monde\/#article","isPartOf":{"@id":"https:\/\/www.joelheslaut2024.org\/index.php\/2024\/06\/19\/bonjour-tout-le-monde\/"},"author":{"name":"Jo\u00ebl Heslaut","@id":"https:\/\/www.joelheslaut2024.org\/#\/schema\/person\/20138c933ea21bea05c37eadbb9489ba"},"headline":"Texte sur la fin de vie, ou comment le pouvoir a fait semblant d&rsquo;\u00e9couter sans entendre","datePublished":"2024-06-19T15:06:15+00:00","dateModified":"2024-06-20T13:00:26+00:00","mainEntityOfPage":{"@id":"https:\/\/www.joelheslaut2024.org\/index.php\/2024\/06\/19\/bonjour-tout-le-monde\/"},"wordCount":686,"commentCount":1,"publisher":{"@id":"https:\/\/www.joelheslaut2024.org\/#\/schema\/person\/20138c933ea21bea05c37eadbb9489ba"},"inLanguage":"fr-FR","potentialAction":[{"@type":"CommentAction","name":"Comment","target":["https:\/\/www.joelheslaut2024.org\/index.php\/2024\/06\/19\/bonjour-tout-le-monde\/#respond"]}]},{"@type":"WebPage","@id":"https:\/\/www.joelheslaut2024.org\/index.php\/2024\/06\/19\/bonjour-tout-le-monde\/","url":"https:\/\/www.joelheslaut2024.org\/index.php\/2024\/06\/19\/bonjour-tout-le-monde\/","name":"Texte sur la fin de vie, ou comment le pouvoir a fait semblant d'\u00e9couter sans entendre - Jo\u00ebl Heslaut","isPartOf":{"@id":"https:\/\/www.joelheslaut2024.org\/#website"},"datePublished":"2024-06-19T15:06:15+00:00","dateModified":"2024-06-20T13:00:26+00:00","breadcrumb":{"@id":"https:\/\/www.joelheslaut2024.org\/index.php\/2024\/06\/19\/bonjour-tout-le-monde\/#breadcrumb"},"inLanguage":"fr-FR","potentialAction":[{"@type":"ReadAction","target":["https:\/\/www.joelheslaut2024.org\/index.php\/2024\/06\/19\/bonjour-tout-le-monde\/"]}]},{"@type":"BreadcrumbList","@id":"https:\/\/www.joelheslaut2024.org\/index.php\/2024\/06\/19\/bonjour-tout-le-monde\/#breadcrumb","itemListElement":[{"@type":"ListItem","position":1,"name":"Accueil","item":"https:\/\/www.joelheslaut2024.org\/"},{"@type":"ListItem","position":2,"name":"Texte sur la fin de vie, ou comment le pouvoir a fait semblant d&rsquo;\u00e9couter sans entendre"}]},{"@type":"WebSite","@id":"https:\/\/www.joelheslaut2024.org\/#website","url":"https:\/\/www.joelheslaut2024.org\/","name":"Jo\u00ebl Heslaut","description":"Candidat aux L\u00e9gislatives de 2024","publisher":{"@id":"https:\/\/www.joelheslaut2024.org\/#\/schema\/person\/20138c933ea21bea05c37eadbb9489ba"},"alternateName":"S\u2019ENGAGER LIBREMENT POUR LE BIEN COMMUN","potentialAction":[{"@type":"SearchAction","target":{"@type":"EntryPoint","urlTemplate":"https:\/\/www.joelheslaut2024.org\/?s={search_term_string}"},"query-input":"required name=search_term_string"}],"inLanguage":"fr-FR"},{"@type":["Person","Organization"],"@id":"https:\/\/www.joelheslaut2024.org\/#\/schema\/person\/20138c933ea21bea05c37eadbb9489ba","name":"Jo\u00ebl Heslaut","image":{"@type":"ImageObject","inLanguage":"fr-FR","@id":"https:\/\/www.joelheslaut2024.org\/#\/schema\/person\/image\/","url":"https:\/\/www.joelheslaut2024.org\/wp-content\/uploads\/2024\/06\/Joel_040-e1718880156447-edited-2.jpg","contentUrl":"https:\/\/www.joelheslaut2024.org\/wp-content\/uploads\/2024\/06\/Joel_040-e1718880156447-edited-2.jpg","width":924,"height":693,"caption":"Jo\u00ebl Heslaut"},"logo":{"@id":"https:\/\/www.joelheslaut2024.org\/#\/schema\/person\/image\/"},"sameAs":["http:\/\/ddepifa.cluster100.hosting.ovh.net","https:\/\/www.linkedin.com\/in\/jo\u00ebl-heslaut-b5b585\/"],"honorificPrefix":"M","gender":"homme","url":"https:\/\/www.joelheslaut2024.org\/index.php\/author\/administrateur\/"}]}},"_links":{"self":[{"href":"https:\/\/www.joelheslaut2024.org\/index.php\/wp-json\/wp\/v2\/posts\/1","targetHints":{"allow":["GET"]}}],"collection":[{"href":"https:\/\/www.joelheslaut2024.org\/index.php\/wp-json\/wp\/v2\/posts"}],"about":[{"href":"https:\/\/www.joelheslaut2024.org\/index.php\/wp-json\/wp\/v2\/types\/post"}],"author":[{"embeddable":true,"href":"https:\/\/www.joelheslaut2024.org\/index.php\/wp-json\/wp\/v2\/users\/1"}],"replies":[{"embeddable":true,"href":"https:\/\/www.joelheslaut2024.org\/index.php\/wp-json\/wp\/v2\/comments?post=1"}],"version-history":[{"count":1,"href":"https:\/\/www.joelheslaut2024.org\/index.php\/wp-json\/wp\/v2\/posts\/1\/revisions"}],"predecessor-version":[{"id":72,"href":"https:\/\/www.joelheslaut2024.org\/index.php\/wp-json\/wp\/v2\/posts\/1\/revisions\/72"}],"wp:attachment":[{"href":"https:\/\/www.joelheslaut2024.org\/index.php\/wp-json\/wp\/v2\/media?parent=1"}],"wp:term":[{"taxonomy":"category","embeddable":true,"href":"https:\/\/www.joelheslaut2024.org\/index.php\/wp-json\/wp\/v2\/categories?post=1"},{"taxonomy":"post_tag","embeddable":true,"href":"https:\/\/www.joelheslaut2024.org\/index.php\/wp-json\/wp\/v2\/tags?post=1"}],"curies":[{"name":"wp","href":"https:\/\/api.w.org\/{rel}","templated":true}]}}